{"id":1025,"date":"2026-09-04T17:04:41","date_gmt":"2026-09-04T22:04:41","guid":{"rendered":"https:\/\/conversarmaseafit.elcolombiano.com\/ciencia-e-innovacion\/?p=1025"},"modified":"2026-09-04T17:14:33","modified_gmt":"2026-09-04T22:14:33","slug":"el-capital-invisible-detras-de-la-ciencia-y-la-innovacion","status":"publish","type":"post","link":"https:\/\/conversarmaseafit.elcolombiano.com\/ciencia-e-innovacion\/comprender\/el-capital-invisible-detras-de-la-ciencia-y-la-innovacion\/","title":{"rendered":"El capital invisible detr\u00e1s de la ciencia y la innovaci\u00f3n"},"content":{"rendered":"\n<figure class=\"wp-block-image size-large\"><img fetchpriority=\"high\" decoding=\"async\" width=\"1024\" height=\"501\" src=\"https:\/\/conversarmaseafit.elcolombiano.com\/ciencia-e-innovacion\/wp-content\/uploads\/sites\/12\/2026\/09\/CapitalinvisibleCTI-conversar_reducido.jpg-1024x501.jpeg\" alt=\"\" class=\"wp-image-1023\" srcset=\"https:\/\/conversarmaseafit.elcolombiano.com\/ciencia-e-innovacion\/wp-content\/uploads\/sites\/12\/2026\/09\/CapitalinvisibleCTI-conversar_reducido.jpg-1024x501.jpeg 1024w, https:\/\/conversarmaseafit.elcolombiano.com\/ciencia-e-innovacion\/wp-content\/uploads\/sites\/12\/2026\/09\/CapitalinvisibleCTI-conversar_reducido.jpg-300x147.jpeg 300w, https:\/\/conversarmaseafit.elcolombiano.com\/ciencia-e-innovacion\/wp-content\/uploads\/sites\/12\/2026\/09\/CapitalinvisibleCTI-conversar_reducido.jpg-768x376.jpeg 768w, https:\/\/conversarmaseafit.elcolombiano.com\/ciencia-e-innovacion\/wp-content\/uploads\/sites\/12\/2026\/09\/CapitalinvisibleCTI-conversar_reducido.jpg-1536x751.jpeg 1536w, https:\/\/conversarmaseafit.elcolombiano.com\/ciencia-e-innovacion\/wp-content\/uploads\/sites\/12\/2026\/09\/CapitalinvisibleCTI-conversar_reducido.jpg-2048x1001.jpeg 2048w\" sizes=\"(max-width: 1024px) 100vw, 1024px\" \/><\/figure>\n\n\n\n<p>Los ingredientes, la calidad de estos, la cocci\u00f3n, el tiempo, la experticia de quien cocina y qu\u00e9 tanta agua se necesita en esa preparaci\u00f3n. Al profesor Ricardo Mej\u00eda, director de Investigaci\u00f3n de EAFIT, le gusta hablar de las capacidades invisibles de la investigaci\u00f3n y la innovaci\u00f3n como si se tratara de un plato excelso, en el que cada elemento es determinante para que su sabor sea el indicado. \u201cSi los ingredientes son muy buenos, la comida sale muy buena, si es al contrario, no saldr\u00e1 bien. Si no hay agua para mezclar, tampoco habr\u00e1 un buen resultado, pues no se tendr\u00e1 aquello que los amalgame, y ah\u00ed podemos hablar del agua como ese recurso de car\u00e1cter econ\u00f3mico. Por ejemplo, una pl\u00e1tano&nbsp;puede estar verde o maduro, y ah\u00ed podemos hablar del talento y de la cultura\u201d.&nbsp;<\/p>\n\n\n\n<p>El ejercicio le permite recordar al profe Mej\u00eda que si abordamos el tema de los factores invisibles que mueven la ciencia, la tecnolog\u00eda y la investigaci\u00f3n, m\u00e1s all\u00e1 de la inversi\u00f3n econ\u00f3mica, encontramos en Colombia y en Antioquia a personas muy creativas y recursivas, un componente innovador que est\u00e1 en los genes de esta regi\u00f3n. \u201cLas redes son tambi\u00e9n muy importantes: los contactos nacionales e internacionales, pero, sobre todo, est\u00e1 la multidisciplinariedad, teniendo en cuenta que los retos en la actualidad son mucho m\u00e1s transdisciplinares. Es decir, ya no se resuelven con una sola disciplina y ah\u00ed entran a jugar las redes que se establezcan. Eso es clave, adem\u00e1s de la complementariedad y el desarrollo del talento, \u00edtem en el que entra la formaci\u00f3n doctoral y en el que Colombia est\u00e1 muy por debajo de otros pa\u00edses, pues, a cifras de 2023, solo se cuenta con 19 doctores por cada mill\u00f3n de habitantes, frente, por ejemplo, a 107 de Brasil, 45 de Chile y 41 de Argentina, seg\u00fan datos del Laboratorio de Econom\u00eda de la Educaci\u00f3n (LEE) de la Universidad Javeriana\u201d.&nbsp;<\/p>\n\n\n\n<p>Una voz, pero esta vez desde la direcci\u00f3n de Innovaci\u00f3n y Transferencia Tecnol\u00f3gica de EAFIT, le entrega a\u00fan m\u00e1s sentido a un tema que por d\u00e9cadas ha cuestionado a la dirigencia nacional frente a otros pa\u00edses, en los que las cifras son mejores que las de Colombia. De ah\u00ed la importancia de escuchar a Juliana Ortiz, directora de esta dependencia, y quien tambi\u00e9n entiende todo aquello que mueve a ese capital invisible. \u201cDefinitivamente contar con un sistema de innovaci\u00f3n requiere inversiones, y no solo en la compra de materiales, insumos, licencias, servicios o fabricaci\u00f3n de prototipos que es lo que en primera instancia se piensa cuando se habla de desarrollo tecnol\u00f3gico e innovaci\u00f3n. La principal apuesta de inversi\u00f3n en un sistema de innovaci\u00f3n es el tiempo y el talento humano\u201d. Es decir, las personas y entender que en muchas ocasiones no son resultados que se logran chasqueando los dedos.&nbsp;<\/p>\n\n\n\n<p>Por esto es fundamental, en palabras de Juliana, que se genere el ambiente, el tiempo y los incentivos que propicien que el talento proponga constantemente ideas y que estas se puedan iterar, validar, descartar unas y avanzar con otras, devolverse a recapturar ideas que hab\u00edan sido descartadas, permitirse la equivocaci\u00f3n y no llegar a resultados en todos los procesos de investigaci\u00f3n y desarrollo. Se trata de acciones decididas en las organizaciones para que el sistema de innovaci\u00f3n navegue de forma fluida. Y claro, todo esto movido por una conexi\u00f3n y una conversaci\u00f3n permanente entre sectores, lo que, seg\u00fan la directora, se traduce en confianza y, de esa manera, se puedan trazar rutas de innovaci\u00f3n y conectar las capacidades de conocimiento aplicado de la academia con los desaf\u00edos de las empresas.&nbsp;<\/p>\n\n\n\n<blockquote class=\"wp-block-quote is-layout-flow wp-block-quote-is-layout-flow\">\n<p>La financiaci\u00f3n en Colombia es muy baja, muy por debajo de los niveles no solo de nuestros pares, sino de la OCDE, y casi siempre dichas financiaciones van ligadas a las unidades de nuevos negocios<\/p>\n<\/blockquote>\n\n\n\n<p><strong>Hay vida m\u00e1s all\u00e1 del <\/strong><strong><em>paper<\/em><\/strong>&nbsp;<\/p>\n\n\n\n<p>Ya Juliana nos record\u00f3, a partir de entender lo que es la conversaci\u00f3n y la confianza en estos procesos, el poder que existe en el verbo conectar. Entonces, como en un partido de f\u00fatbol, le devuelve el bal\u00f3n al profesor Ricardo Mej\u00eda, quien en el \u2018reino\u2019 de lo invisible pone su atenci\u00f3n en c\u00f3mo socializamos aquello que se logra desde la investigaci\u00f3n y la innovaci\u00f3n. Para decirlo en t\u00e9rminos populares, cacarear el huevo, tal cual lo hacen las gallinas cada ma\u00f1ana. \u201cEn EAFIT decimos que hay vida m\u00e1s all\u00e1 del <em>paper<\/em>. Antes era este o el art\u00edculo de investigaci\u00f3n con el que uno cerraba el proyecto, con el que se dec\u00eda: ya cumpl\u00ed. Resulta que ahora ese es el inicio de una trayectoria de innovaci\u00f3n: \u2018Ah\u00ed tienes algo novedoso, lo publicaste y lo compartiste con el mundo\u2019. \u00a1Comienza entonces el reto!: socializar los resultados que publicamos en art\u00edculos y conversarlos con actores relevantes\u201d.&nbsp;<\/p>\n\n\n\n<p>Y aterricemos en la NASA, la instituci\u00f3n que promovi\u00f3, este 2026, la iniciativa que despu\u00e9s de casi 60 a\u00f1os nos hizo regresar como humanidad a la Luna. El profe Ricardo trae a colaci\u00f3n la escala del TRL (<em>technology, readiness, level<\/em>), creada precisamente por la NASA y que se promueve en EAFIT para definir el estado de madurez de una innovaci\u00f3n y una tecnolog\u00eda. Son, pues, nueve niveles: del 1 al 3 son etapas muy investigativas en las que se culmina con un prototipo, un demostrador, el <em>paper<\/em> o la patente. Luego se tiene del 4 al 6, lo que se llama el \u201cvalle de la muerte\u201d, que es poder llevar esos resultados con potencial a probarlos con p\u00fablico pertinente que use el producto, servicio o <em>software<\/em>. Y del 7 al 9 es cuando se encuentra en escala de comercializaci\u00f3n, de escalamiento o de fabricaci\u00f3n en masa.&nbsp;&nbsp;<\/p>\n\n\n\n<p>En esa escala, en Colombia, sostiene el director, nos hemos quedado mucho en el TRL 1, 2 y 3. En la escala 4, 5 y 6 ya se deber\u00eda empezar a trabajar con las empresas y los interesados para iniciar pruebas. Y las escalas superiores, 7, 8 y 9, definitivamente, tienen que llevarse a una empresa. \u201cLes hablo mucho del TRL 1, 2 y 3; de pasar al 4, 5 y 6; y tambi\u00e9n les digo, como la canci\u00f3n de Shakira, que la ciencia ya no llora, que la ciencia factura, es decir, que pasemos al 7, 8 y 9, y que s\u00ed pueden tenerse resultados de investigaci\u00f3n relevantes, pertinentes y que resuelvan problemas del mercado y que, efectivamente, la gente est\u00e9 dispuesta a pagar por ello\u201d.&nbsp;<\/p>\n\n\n\n<p>Y en todo eso proceso de aglutinamiento de ingredientes y de articular ciencia, mercado y sociedad, adem\u00e1s de fortalecer ese capital invisible, como lo anota Juliana Ortiz, es fundamental el rol que juegan las oficinas y los procesos de transferencia de tecnolog\u00eda y conocimiento, pues conocen muy bien las capacidades de la academia, pero adem\u00e1s entienden y traducen con claridad las necesidades y los desaf\u00edos del mercado y la sociedad en clave de esas capacidades y de posibles alternativas de soluci\u00f3n.&nbsp;&nbsp;<\/p>\n\n\n\n<p>A su vez, como tambi\u00e9n lo se\u00f1ala Ricardo Mej\u00eda, se necesita m\u00e1s apoyo del Estado en la financiaci\u00f3n, pues de las inversiones o la distribuci\u00f3n de inversi\u00f3n que se hacen en estos temas, el 57.87 %, seg\u00fan el Observatorio de Ciencia y Tecnolog\u00eda, la ejecutan las empresas. \u201cMuchas veces son desarrollos internos. La financiaci\u00f3n en Colombia es muy baja, muy por debajo de los niveles no solo de nuestros pares, sino de la OCDE, y casi siempre dichas financiaciones van ligadas a las unidades de nuevos negocios. Pocas tienen unidades de I+D, porque son inversiones m\u00e1s a riesgo, con m\u00e1s incertidumbre y la respuesta no est\u00e1 garantizada\u201d. Y s\u00ed, en respuestas como las de Juliana y Ricardo, entonces, est\u00e1 la raz\u00f3n de por qu\u00e9, en Colombia, la inversi\u00f3n en I+D, en porcentaje del PIB, estuvo en el 0.23 % en 2022 y 0.31 % en 2023, cuando el promedio de la OCDE puede estar cercano al 2.7 %.&nbsp;&nbsp;<\/p>\n\n\n\n<p>En concreto, falta visi\u00f3n para que la ciencia facture m\u00e1s, llore menos y el pa\u00eds sea un gran laboratorio en el que se cueza ese plato excelso que es un desarrollo y un futuro innovador.&nbsp;&nbsp;&nbsp;<\/p>\n\n\n\n<blockquote class=\"wp-block-quote is-layout-flow wp-block-quote-is-layout-flow\">\n<p><\/p>\n<\/blockquote>\n\n\n\n<p><\/p>\n","protected":false},"excerpt":{"rendered":"<p>Adem\u00e1s de la inversi\u00f3n que requiere, la investigaci\u00f3n y la innovaci\u00f3n cuentan con un capital invisible: talento, ambiente para investigar, pol\u00edticas adecuadas y articulaci\u00f3n entre ciencia, mercado y desaf\u00edos. <\/p>\n","protected":false},"author":12,"featured_media":1023,"comment_status":"open","ping_status":"open","sticky":false,"template":"","format":"standard","meta":{"autor":"Juan Carlos Luj\u00e1n S\u00e1enz","footnotes":""},"categories":[8,5],"tags":[],"class_list":["post-1025","post","type-post","status-publish","format-standard","has-post-thumbnail","hentry","category-comprender","category-plantilla-generica"],"yoast_head":"<!-- This site is optimized with the Yoast SEO plugin v27.2 - https:\/\/yoast.com\/product\/yoast-seo-wordpress\/ -->\n<title>El capital invisible detr\u00e1s de la ciencia y la innovaci\u00f3n - Ciencia e Innovaci\u00f3n<\/title>\n<meta name=\"robots\" content=\"index, follow, max-snippet:-1, max-image-preview:large, max-video-preview:-1\" \/>\n<link rel=\"canonical\" href=\"https:\/\/conversarmaseafit.elcolombiano.com\/ciencia-e-innovacion\/comprender\/el-capital-invisible-detras-de-la-ciencia-y-la-innovacion\/\" \/>\n<meta property=\"og:locale\" content=\"es_ES\" \/>\n<meta property=\"og:type\" content=\"article\" \/>\n<meta property=\"og:title\" content=\"El capital invisible detr\u00e1s de la ciencia y la innovaci\u00f3n - Ciencia e Innovaci\u00f3n\" \/>\n<meta property=\"og:description\" content=\"Adem\u00e1s de la inversi\u00f3n que requiere, la investigaci\u00f3n y la innovaci\u00f3n cuentan con un capital invisible: talento, ambiente para investigar, pol\u00edticas adecuadas y articulaci\u00f3n entre ciencia, mercado y desaf\u00edos.\" \/>\n<meta property=\"og:url\" content=\"https:\/\/conversarmaseafit.elcolombiano.com\/ciencia-e-innovacion\/comprender\/el-capital-invisible-detras-de-la-ciencia-y-la-innovacion\/\" \/>\n<meta property=\"og:site_name\" content=\"Ciencia e Innovaci\u00f3n\" \/>\n<meta property=\"article:published_time\" content=\"2026-09-04T22:04:41+00:00\" \/>\n<meta property=\"article:modified_time\" content=\"2026-09-04T22:14:33+00:00\" \/>\n<meta property=\"og:image\" content=\"https:\/\/conversarmaseafit.elcolombiano.com\/ciencia-e-innovacion\/wp-content\/uploads\/sites\/12\/2026\/09\/CapitalinvisibleCTI-conversar_reducido.jpg-scaled.jpeg\" \/>\n\t<meta property=\"og:image:width\" content=\"2560\" \/>\n\t<meta property=\"og:image:height\" content=\"1252\" \/>\n\t<meta property=\"og:image:type\" content=\"image\/jpeg\" \/>\n<meta name=\"author\" content=\"josefinaa\" \/>\n<meta name=\"twitter:card\" content=\"summary_large_image\" \/>\n<meta name=\"twitter:label1\" content=\"Escrito por\" \/>\n\t<meta name=\"twitter:data1\" content=\"josefinaa\" \/>\n\t<meta name=\"twitter:label2\" content=\"Tiempo de lectura\" \/>\n\t<meta name=\"twitter:data2\" content=\"7 minutos\" \/>\n<script type=\"application\/ld+json\" class=\"yoast-schema-graph\">{\"@context\":\"https:\/\/schema.org\",\"@graph\":[{\"@type\":\"Article\",\"@id\":\"https:\/\/conversarmaseafit.elcolombiano.com\/ciencia-e-innovacion\/comprender\/el-capital-invisible-detras-de-la-ciencia-y-la-innovacion\/#article\",\"isPartOf\":{\"@id\":\"https:\/\/conversarmaseafit.elcolombiano.com\/ciencia-e-innovacion\/comprender\/el-capital-invisible-detras-de-la-ciencia-y-la-innovacion\/\"},\"author\":{\"name\":\"josefinaa\",\"@id\":\"https:\/\/conversarmaseafit.elcolombiano.com\/ciencia-e-innovacion\/#\/schema\/person\/75cef319af829bfd395ca82de87af070\"},\"headline\":\"El capital invisible detr\u00e1s de la ciencia y la innovaci\u00f3n\",\"datePublished\":\"2026-09-04T22:04:41+00:00\",\"dateModified\":\"2026-09-04T22:14:33+00:00\",\"mainEntityOfPage\":{\"@id\":\"https:\/\/conversarmaseafit.elcolombiano.com\/ciencia-e-innovacion\/comprender\/el-capital-invisible-detras-de-la-ciencia-y-la-innovacion\/\"},\"wordCount\":1428,\"commentCount\":0,\"publisher\":{\"@id\":\"https:\/\/conversarmaseafit.elcolombiano.com\/ciencia-e-innovacion\/#organization\"},\"image\":{\"@id\":\"https:\/\/conversarmaseafit.elcolombiano.com\/ciencia-e-innovacion\/comprender\/el-capital-invisible-detras-de-la-ciencia-y-la-innovacion\/#primaryimage\"},\"thumbnailUrl\":\"https:\/\/conversarmaseafit.elcolombiano.com\/ciencia-e-innovacion\/wp-content\/uploads\/sites\/12\/2026\/09\/CapitalinvisibleCTI-conversar_reducido.jpg-scaled.jpeg\",\"articleSection\":[\"Comprender\",\"Plantilla generica\"],\"inLanguage\":\"es-CO\",\"potentialAction\":[{\"@type\":\"CommentAction\",\"name\":\"Comment\",\"target\":[\"https:\/\/conversarmaseafit.elcolombiano.com\/ciencia-e-innovacion\/comprender\/el-capital-invisible-detras-de-la-ciencia-y-la-innovacion\/#respond\"]}]},{\"@type\":\"WebPage\",\"@id\":\"https:\/\/conversarmaseafit.elcolombiano.com\/ciencia-e-innovacion\/comprender\/el-capital-invisible-detras-de-la-ciencia-y-la-innovacion\/\",\"url\":\"https:\/\/conversarmaseafit.elcolombiano.com\/ciencia-e-innovacion\/comprender\/el-capital-invisible-detras-de-la-ciencia-y-la-innovacion\/\",\"name\":\"El capital invisible detr\u00e1s de la ciencia y la innovaci\u00f3n - Ciencia e Innovaci\u00f3n\",\"isPartOf\":{\"@id\":\"https:\/\/conversarmaseafit.elcolombiano.com\/ciencia-e-innovacion\/#website\"},\"primaryImageOfPage\":{\"@id\":\"https:\/\/conversarmaseafit.elcolombiano.com\/ciencia-e-innovacion\/comprender\/el-capital-invisible-detras-de-la-ciencia-y-la-innovacion\/#primaryimage\"},\"image\":{\"@id\":\"https:\/\/conversarmaseafit.elcolombiano.com\/ciencia-e-innovacion\/comprender\/el-capital-invisible-detras-de-la-ciencia-y-la-innovacion\/#primaryimage\"},\"thumbnailUrl\":\"https:\/\/conversarmaseafit.elcolombiano.com\/ciencia-e-innovacion\/wp-content\/uploads\/sites\/12\/2026\/09\/CapitalinvisibleCTI-conversar_reducido.jpg-scaled.jpeg\",\"datePublished\":\"2026-09-04T22:04:41+00:00\",\"dateModified\":\"2026-09-04T22:14:33+00:00\",\"breadcrumb\":{\"@id\":\"https:\/\/conversarmaseafit.elcolombiano.com\/ciencia-e-innovacion\/comprender\/el-capital-invisible-detras-de-la-ciencia-y-la-innovacion\/#breadcrumb\"},\"inLanguage\":\"es-CO\",\"potentialAction\":[{\"@type\":\"ReadAction\",\"target\":[\"https:\/\/conversarmaseafit.elcolombiano.com\/ciencia-e-innovacion\/comprender\/el-capital-invisible-detras-de-la-ciencia-y-la-innovacion\/\"]}]},{\"@type\":\"ImageObject\",\"inLanguage\":\"es-CO\",\"@id\":\"https:\/\/conversarmaseafit.elcolombiano.com\/ciencia-e-innovacion\/comprender\/el-capital-invisible-detras-de-la-ciencia-y-la-innovacion\/#primaryimage\",\"url\":\"https:\/\/conversarmaseafit.elcolombiano.com\/ciencia-e-innovacion\/wp-content\/uploads\/sites\/12\/2026\/09\/CapitalinvisibleCTI-conversar_reducido.jpg-scaled.jpeg\",\"contentUrl\":\"https:\/\/conversarmaseafit.elcolombiano.com\/ciencia-e-innovacion\/wp-content\/uploads\/sites\/12\/2026\/09\/CapitalinvisibleCTI-conversar_reducido.jpg-scaled.jpeg\",\"width\":2560,\"height\":1252},{\"@type\":\"BreadcrumbList\",\"@id\":\"https:\/\/conversarmaseafit.elcolombiano.com\/ciencia-e-innovacion\/comprender\/el-capital-invisible-detras-de-la-ciencia-y-la-innovacion\/#breadcrumb\",\"itemListElement\":[{\"@type\":\"ListItem\",\"position\":1,\"name\":\"Inicio\",\"item\":\"https:\/\/conversarmaseafit.elcolombiano.com\/ciencia-e-innovacion\/\"},{\"@type\":\"ListItem\",\"position\":2,\"name\":\"El capital invisible detr\u00e1s de la ciencia y la innovaci\u00f3n\"}]},{\"@type\":\"WebSite\",\"@id\":\"https:\/\/conversarmaseafit.elcolombiano.com\/ciencia-e-innovacion\/#website\",\"url\":\"https:\/\/conversarmaseafit.elcolombiano.com\/ciencia-e-innovacion\/\",\"name\":\"Ciencia e Innovaci\u00f3n\",\"description\":\"\",\"publisher\":{\"@id\":\"https:\/\/conversarmaseafit.elcolombiano.com\/ciencia-e-innovacion\/#organization\"},\"potentialAction\":[{\"@type\":\"SearchAction\",\"target\":{\"@type\":\"EntryPoint\",\"urlTemplate\":\"https:\/\/conversarmaseafit.elcolombiano.com\/ciencia-e-innovacion\/?s={search_term_string}\"},\"query-input\":{\"@type\":\"PropertyValueSpecification\",\"valueRequired\":true,\"valueName\":\"search_term_string\"}}],\"inLanguage\":\"es-CO\"},{\"@type\":\"Organization\",\"@id\":\"https:\/\/conversarmaseafit.elcolombiano.com\/ciencia-e-innovacion\/#organization\",\"name\":\"Ciencia e Innovaci\u00f3n\",\"url\":\"https:\/\/conversarmaseafit.elcolombiano.com\/ciencia-e-innovacion\/\",\"logo\":{\"@type\":\"ImageObject\",\"inLanguage\":\"es-CO\",\"@id\":\"https:\/\/conversarmaseafit.elcolombiano.com\/ciencia-e-innovacion\/#\/schema\/logo\/image\/\",\"url\":\"https:\/\/conversarmaseafit.elcolombiano.com\/ciencia-e-innovacion\/wp-content\/uploads\/sites\/12\/2026\/06\/Logotipo.png\",\"contentUrl\":\"https:\/\/conversarmaseafit.elcolombiano.com\/ciencia-e-innovacion\/wp-content\/uploads\/sites\/12\/2026\/06\/Logotipo.png\",\"width\":245,\"height\":29,\"caption\":\"Ciencia e Innovaci\u00f3n\"},\"image\":{\"@id\":\"https:\/\/conversarmaseafit.elcolombiano.com\/ciencia-e-innovacion\/#\/schema\/logo\/image\/\"}},{\"@type\":\"Person\",\"@id\":\"https:\/\/conversarmaseafit.elcolombiano.com\/ciencia-e-innovacion\/#\/schema\/person\/75cef319af829bfd395ca82de87af070\",\"name\":\"josefinaa\",\"image\":{\"@type\":\"ImageObject\",\"inLanguage\":\"es-CO\",\"@id\":\"https:\/\/secure.gravatar.com\/avatar\/eab8c6f4affe44c30ea1c69760d5abb93e6082856a346d31bd257943b809e013?s=96&d=mm&r=g\",\"url\":\"https:\/\/secure.gravatar.com\/avatar\/eab8c6f4affe44c30ea1c69760d5abb93e6082856a346d31bd257943b809e013?s=96&d=mm&r=g\",\"contentUrl\":\"https:\/\/secure.gravatar.com\/avatar\/eab8c6f4affe44c30ea1c69760d5abb93e6082856a346d31bd257943b809e013?s=96&d=mm&r=g\",\"caption\":\"josefinaa\"},\"url\":\"https:\/\/conversarmaseafit.elcolombiano.com\/ciencia-e-innovacion\/author\/josefinaa\/\"}]}<\/script>\n<!-- \/ Yoast SEO plugin. -->","yoast_head_json":{"title":"El capital invisible detr\u00e1s de la ciencia y la innovaci\u00f3n - Ciencia e Innovaci\u00f3n","robots":{"index":"index","follow":"follow","max-snippet":"max-snippet:-1","max-image-preview":"max-image-preview:large","max-video-preview":"max-video-preview:-1"},"canonical":"https:\/\/conversarmaseafit.elcolombiano.com\/ciencia-e-innovacion\/comprender\/el-capital-invisible-detras-de-la-ciencia-y-la-innovacion\/","og_locale":"es_ES","og_type":"article","og_title":"El capital invisible detr\u00e1s de la ciencia y la innovaci\u00f3n - Ciencia e Innovaci\u00f3n","og_description":"Adem\u00e1s de la inversi\u00f3n que requiere, la investigaci\u00f3n y la innovaci\u00f3n cuentan con un capital invisible: talento, ambiente para investigar, pol\u00edticas adecuadas y articulaci\u00f3n entre ciencia, mercado y desaf\u00edos.","og_url":"https:\/\/conversarmaseafit.elcolombiano.com\/ciencia-e-innovacion\/comprender\/el-capital-invisible-detras-de-la-ciencia-y-la-innovacion\/","og_site_name":"Ciencia e Innovaci\u00f3n","article_published_time":"2026-09-04T22:04:41+00:00","article_modified_time":"2026-09-04T22:14:33+00:00","og_image":[{"width":2560,"height":1252,"url":"https:\/\/conversarmaseafit.elcolombiano.com\/ciencia-e-innovacion\/wp-content\/uploads\/sites\/12\/2026\/09\/CapitalinvisibleCTI-conversar_reducido.jpg-scaled.jpeg","type":"image\/jpeg"}],"author":"josefinaa","twitter_card":"summary_large_image","twitter_misc":{"Escrito por":"josefinaa","Tiempo de lectura":"7 minutos"},"schema":{"@context":"https:\/\/schema.org","@graph":[{"@type":"Article","@id":"https:\/\/conversarmaseafit.elcolombiano.com\/ciencia-e-innovacion\/comprender\/el-capital-invisible-detras-de-la-ciencia-y-la-innovacion\/#article","isPartOf":{"@id":"https:\/\/conversarmaseafit.elcolombiano.com\/ciencia-e-innovacion\/comprender\/el-capital-invisible-detras-de-la-ciencia-y-la-innovacion\/"},"author":{"name":"josefinaa","@id":"https:\/\/conversarmaseafit.elcolombiano.com\/ciencia-e-innovacion\/#\/schema\/person\/75cef319af829bfd395ca82de87af070"},"headline":"El capital invisible detr\u00e1s de la ciencia y la innovaci\u00f3n","datePublished":"2026-09-04T22:04:41+00:00","dateModified":"2026-09-04T22:14:33+00:00","mainEntityOfPage":{"@id":"https:\/\/conversarmaseafit.elcolombiano.com\/ciencia-e-innovacion\/comprender\/el-capital-invisible-detras-de-la-ciencia-y-la-innovacion\/"},"wordCount":1428,"commentCount":0,"publisher":{"@id":"https:\/\/conversarmaseafit.elcolombiano.com\/ciencia-e-innovacion\/#organization"},"image":{"@id":"https:\/\/conversarmaseafit.elcolombiano.com\/ciencia-e-innovacion\/comprender\/el-capital-invisible-detras-de-la-ciencia-y-la-innovacion\/#primaryimage"},"thumbnailUrl":"https:\/\/conversarmaseafit.elcolombiano.com\/ciencia-e-innovacion\/wp-content\/uploads\/sites\/12\/2026\/09\/CapitalinvisibleCTI-conversar_reducido.jpg-scaled.jpeg","articleSection":["Comprender","Plantilla generica"],"inLanguage":"es-CO","potentialAction":[{"@type":"CommentAction","name":"Comment","target":["https:\/\/conversarmaseafit.elcolombiano.com\/ciencia-e-innovacion\/comprender\/el-capital-invisible-detras-de-la-ciencia-y-la-innovacion\/#respond"]}]},{"@type":"WebPage","@id":"https:\/\/conversarmaseafit.elcolombiano.com\/ciencia-e-innovacion\/comprender\/el-capital-invisible-detras-de-la-ciencia-y-la-innovacion\/","url":"https:\/\/conversarmaseafit.elcolombiano.com\/ciencia-e-innovacion\/comprender\/el-capital-invisible-detras-de-la-ciencia-y-la-innovacion\/","name":"El capital invisible detr\u00e1s de la ciencia y la innovaci\u00f3n - Ciencia e Innovaci\u00f3n","isPartOf":{"@id":"https:\/\/conversarmaseafit.elcolombiano.com\/ciencia-e-innovacion\/#website"},"primaryImageOfPage":{"@id":"https:\/\/conversarmaseafit.elcolombiano.com\/ciencia-e-innovacion\/comprender\/el-capital-invisible-detras-de-la-ciencia-y-la-innovacion\/#primaryimage"},"image":{"@id":"https:\/\/conversarmaseafit.elcolombiano.com\/ciencia-e-innovacion\/comprender\/el-capital-invisible-detras-de-la-ciencia-y-la-innovacion\/#primaryimage"},"thumbnailUrl":"https:\/\/conversarmaseafit.elcolombiano.com\/ciencia-e-innovacion\/wp-content\/uploads\/sites\/12\/2026\/09\/CapitalinvisibleCTI-conversar_reducido.jpg-scaled.jpeg","datePublished":"2026-09-04T22:04:41+00:00","dateModified":"2026-09-04T22:14:33+00:00","breadcrumb":{"@id":"https:\/\/conversarmaseafit.elcolombiano.com\/ciencia-e-innovacion\/comprender\/el-capital-invisible-detras-de-la-ciencia-y-la-innovacion\/#breadcrumb"},"inLanguage":"es-CO","potentialAction":[{"@type":"ReadAction","target":["https:\/\/conversarmaseafit.elcolombiano.com\/ciencia-e-innovacion\/comprender\/el-capital-invisible-detras-de-la-ciencia-y-la-innovacion\/"]}]},{"@type":"ImageObject","inLanguage":"es-CO","@id":"https:\/\/conversarmaseafit.elcolombiano.com\/ciencia-e-innovacion\/comprender\/el-capital-invisible-detras-de-la-ciencia-y-la-innovacion\/#primaryimage","url":"https:\/\/conversarmaseafit.elcolombiano.com\/ciencia-e-innovacion\/wp-content\/uploads\/sites\/12\/2026\/09\/CapitalinvisibleCTI-conversar_reducido.jpg-scaled.jpeg","contentUrl":"https:\/\/conversarmaseafit.elcolombiano.com\/ciencia-e-innovacion\/wp-content\/uploads\/sites\/12\/2026\/09\/CapitalinvisibleCTI-conversar_reducido.jpg-scaled.jpeg","width":2560,"height":1252},{"@type":"BreadcrumbList","@id":"https:\/\/conversarmaseafit.elcolombiano.com\/ciencia-e-innovacion\/comprender\/el-capital-invisible-detras-de-la-ciencia-y-la-innovacion\/#breadcrumb","itemListElement":[{"@type":"ListItem","position":1,"name":"Inicio","item":"https:\/\/conversarmaseafit.elcolombiano.com\/ciencia-e-innovacion\/"},{"@type":"ListItem","position":2,"name":"El capital invisible detr\u00e1s de la ciencia y la innovaci\u00f3n"}]},{"@type":"WebSite","@id":"https:\/\/conversarmaseafit.elcolombiano.com\/ciencia-e-innovacion\/#website","url":"https:\/\/conversarmaseafit.elcolombiano.com\/ciencia-e-innovacion\/","name":"Ciencia e Innovaci\u00f3n","description":"","publisher":{"@id":"https:\/\/conversarmaseafit.elcolombiano.com\/ciencia-e-innovacion\/#organization"},"potentialAction":[{"@type":"SearchAction","target":{"@type":"EntryPoint","urlTemplate":"https:\/\/conversarmaseafit.elcolombiano.com\/ciencia-e-innovacion\/?s={search_term_string}"},"query-input":{"@type":"PropertyValueSpecification","valueRequired":true,"valueName":"search_term_string"}}],"inLanguage":"es-CO"},{"@type":"Organization","@id":"https:\/\/conversarmaseafit.elcolombiano.com\/ciencia-e-innovacion\/#organization","name":"Ciencia e Innovaci\u00f3n","url":"https:\/\/conversarmaseafit.elcolombiano.com\/ciencia-e-innovacion\/","logo":{"@type":"ImageObject","inLanguage":"es-CO","@id":"https:\/\/conversarmaseafit.elcolombiano.com\/ciencia-e-innovacion\/#\/schema\/logo\/image\/","url":"https:\/\/conversarmaseafit.elcolombiano.com\/ciencia-e-innovacion\/wp-content\/uploads\/sites\/12\/2026\/06\/Logotipo.png","contentUrl":"https:\/\/conversarmaseafit.elcolombiano.com\/ciencia-e-innovacion\/wp-content\/uploads\/sites\/12\/2026\/06\/Logotipo.png","width":245,"height":29,"caption":"Ciencia e Innovaci\u00f3n"},"image":{"@id":"https:\/\/conversarmaseafit.elcolombiano.com\/ciencia-e-innovacion\/#\/schema\/logo\/image\/"}},{"@type":"Person","@id":"https:\/\/conversarmaseafit.elcolombiano.com\/ciencia-e-innovacion\/#\/schema\/person\/75cef319af829bfd395ca82de87af070","name":"josefinaa","image":{"@type":"ImageObject","inLanguage":"es-CO","@id":"https:\/\/secure.gravatar.com\/avatar\/eab8c6f4affe44c30ea1c69760d5abb93e6082856a346d31bd257943b809e013?s=96&d=mm&r=g","url":"https:\/\/secure.gravatar.com\/avatar\/eab8c6f4affe44c30ea1c69760d5abb93e6082856a346d31bd257943b809e013?s=96&d=mm&r=g","contentUrl":"https:\/\/secure.gravatar.com\/avatar\/eab8c6f4affe44c30ea1c69760d5abb93e6082856a346d31bd257943b809e013?s=96&d=mm&r=g","caption":"josefinaa"},"url":"https:\/\/conversarmaseafit.elcolombiano.com\/ciencia-e-innovacion\/author\/josefinaa\/"}]}},"_links":{"self":[{"href":"https:\/\/conversarmaseafit.elcolombiano.com\/ciencia-e-innovacion\/wp-json\/wp\/v2\/posts\/1025","targetHints":{"allow":["GET"]}}],"collection":[{"href":"https:\/\/conversarmaseafit.elcolombiano.com\/ciencia-e-innovacion\/wp-json\/wp\/v2\/posts"}],"about":[{"href":"https:\/\/conversarmaseafit.elcolombiano.com\/ciencia-e-innovacion\/wp-json\/wp\/v2\/types\/post"}],"author":[{"embeddable":true,"href":"https:\/\/conversarmaseafit.elcolombiano.com\/ciencia-e-innovacion\/wp-json\/wp\/v2\/users\/12"}],"replies":[{"embeddable":true,"href":"https:\/\/conversarmaseafit.elcolombiano.com\/ciencia-e-innovacion\/wp-json\/wp\/v2\/comments?post=1025"}],"version-history":[{"count":5,"href":"https:\/\/conversarmaseafit.elcolombiano.com\/ciencia-e-innovacion\/wp-json\/wp\/v2\/posts\/1025\/revisions"}],"predecessor-version":[{"id":1043,"href":"https:\/\/conversarmaseafit.elcolombiano.com\/ciencia-e-innovacion\/wp-json\/wp\/v2\/posts\/1025\/revisions\/1043"}],"wp:featuredmedia":[{"embeddable":true,"href":"https:\/\/conversarmaseafit.elcolombiano.com\/ciencia-e-innovacion\/wp-json\/wp\/v2\/media\/1023"}],"wp:attachment":[{"href":"https:\/\/conversarmaseafit.elcolombiano.com\/ciencia-e-innovacion\/wp-json\/wp\/v2\/media?parent=1025"}],"wp:term":[{"taxonomy":"category","embeddable":true,"href":"https:\/\/conversarmaseafit.elcolombiano.com\/ciencia-e-innovacion\/wp-json\/wp\/v2\/categories?post=1025"},{"taxonomy":"post_tag","embeddable":true,"href":"https:\/\/conversarmaseafit.elcolombiano.com\/ciencia-e-innovacion\/wp-json\/wp\/v2\/tags?post=1025"}],"curies":[{"name":"wp","href":"https:\/\/api.w.org\/{rel}","templated":true}]}}